{"id":1340,"date":"2023-09-25T12:55:23","date_gmt":"2023-09-25T10:55:23","guid":{"rendered":"https:\/\/familienzentrum-st-martinus.de\/?p=1340"},"modified":"2023-09-25T13:03:53","modified_gmt":"2023-09-25T11:03:53","slug":"60-jaehriges-jubilaeum-der-kita-st-martinus-niederpleis-am-01-10-2023","status":"publish","type":"post","link":"https:\/\/familienzentrum-st-martinus.de\/?p=1340","title":{"rendered":"60-j\u00e4hriges Jubil\u00e4um der Kita St. Martinus Niederpleis"},"content":{"rendered":"\n<p>Am <strong>1. Oktober 2023 <\/strong>feiert das <strong>Katholische Familienzentrum St. Martinus in Niederpleis<\/strong> direkt nach dem Erntedankgottesdienst seinen Geburtstag als <strong>\u201eTag der offenen T\u00fcr\u201c von 11.30 Uhr bis 14.00 Uhr<\/strong>.<\/p>\n\n\n\n<p>Interessierte Besucher k\u00f6nnen die R\u00e4umlichkeiten besichtigen und mit den Fachkr\u00e4ften ins Gespr\u00e4ch kommen. Unser B\u00fcrgermeister der Stadt Sankt Augustin Herr Leitterstorf, der als Kind diese Kita besucht hat, ist bereits am Jubil\u00e4umstag dem 15. September 2023 mit Geschenken vorbeigekommen und hat an der Segensfeier, geleitet von dem Gemeindereferenten Herrn Alenfelder, teilgenommen. Am 01.10.2023 haben nun Familien, Ehemalige und Interessierte die M\u00f6glichkeit, die Kita zu besuchen. F\u00fcr das leibliche Wohl sorgen die Eltern der Kita.<\/p>\n\n\n\n<p>Bereits im Juli 1947 initiierte der damalige Pastor Heindrichs die Errichtung einer Kinderbetreuung f\u00fcr 50 Kinder in einem Lagerschuppen durch \u00fcberwiegend freiwillige Eigenleistung. Nachdem dieses erste Geb\u00e4ude wegen Bauf\u00e4lligkeit abgerissen werden musste, wurde das noch heute genutzte Geb\u00e4ude gegen\u00fcber der Pfarrkirche St. Martinus am 15. September 1963 durch Pastor Hochhard eingeweiht. Seit 2008 werden auch Kinder unter drei Jahren betreut.<\/p>\n\n\n\n<p>Eine besondere Notlage entstand durch den Brand 2017: Der vordere Teil der Kita brannte vollst\u00e4ndig ab. Diese f\u00fcr alle Beteiligten schwierige Situation konnte durch die tatkr\u00e4ftige Unterst\u00fctzung der Pfarrgemeinde, sowie der Kitas Birlinghoven und Buisdorf bew\u00e4ltigt werden.<\/p>\n\n\n\n<p>Im Laufe der Jahrzehnte wurde das p\u00e4dagogische Angebot immer weiter ausgebaut und spezifiziert, zuletzt mit der Qualifizierung zum Katholischen Familienzentrum und Familienzentrum NRW. Derzeit besuchen 52 Kinder im Alter von 1-6 Jahren das Katholische Familienzentrum St. Martinus in Niederpleis. Neben den neun Fachkr\u00e4ften arbeiten aktuell zwei Auszubildende, eine K\u00fcchenkraft, eine Alltagshelferin, eine Reinigungskraft, eine Integrationshelferin und eine Leitung im Familienzentrum.<\/p>\n","protected":false},"excerpt":{"rendered":"<p>Am 1. Oktober 2023 feiert das Katholische Familienzentrum St. Martinus in Niederpleis direkt nach dem Erntedankgottesdienst seinen Geburtstag als \u201eTag der offenen T\u00fcr\u201c von 11.30 Uhr bis 14.00 Uhr. Interessierte [&hellip;]<\/p>\n","protected":false},"author":4,"featured_media":1339,"comment_status":"closed","ping_status":"closed","sticky":false,"template":"","format":"standard","meta":{"footnotes":""},"categories":[8,13],"tags":[],"class_list":["post-1340","post","type-post","status-publish","format-standard","has-post-thumbnail","hentry","category-bericht-kita-niederpleis","category-slider"],"_links":{"self":[{"href":"https:\/\/familienzentrum-st-martinus.de\/index.php?rest_route=\/wp\/v2\/posts\/1340","targetHints":{"allow":["GET"]}}],"collection":[{"href":"https:\/\/familienzentrum-st-martinus.de\/index.php?rest_route=\/wp\/v2\/posts"}],"about":[{"href":"https:\/\/familienzentrum-st-martinus.de\/index.php?rest_route=\/wp\/v2\/types\/post"}],"author":[{"embeddable":true,"href":"https:\/\/familienzentrum-st-martinus.de\/index.php?rest_route=\/wp\/v2\/users\/4"}],"replies":[{"embeddable":true,"href":"https:\/\/familienzentrum-st-martinus.de\/index.php?rest_route=%2Fwp%2Fv2%2Fcomments&post=1340"}],"version-history":[{"count":2,"href":"https:\/\/familienzentrum-st-martinus.de\/index.php?rest_route=\/wp\/v2\/posts\/1340\/revisions"}],"predecessor-version":[{"id":1348,"href":"https:\/\/familienzentrum-st-martinus.de\/index.php?rest_route=\/wp\/v2\/posts\/1340\/revisions\/1348"}],"wp:featuredmedia":[{"embeddable":true,"href":"https:\/\/familienzentrum-st-martinus.de\/index.php?rest_route=\/wp\/v2\/media\/1339"}],"wp:attachment":[{"href":"https:\/\/familienzentrum-st-martinus.de\/index.php?rest_route=%2Fwp%2Fv2%2Fmedia&parent=1340"}],"wp:term":[{"taxonomy":"category","embeddable":true,"href":"https:\/\/familienzentrum-st-martinus.de\/index.php?rest_route=%2Fwp%2Fv2%2Fcategories&post=1340"},{"taxonomy":"post_tag","embeddable":true,"href":"https:\/\/familienzentrum-st-martinus.de\/index.php?rest_route=%2Fwp%2Fv2%2Ftags&post=1340"}],"curies":[{"name":"wp","href":"https:\/\/api.w.org\/{rel}","templated":true}]}}