{"id":555,"date":"2018-01-23T16:06:21","date_gmt":"2018-01-23T14:06:21","guid":{"rendered":"http:\/\/familienzentrum-st-martinus.de\/?p=555"},"modified":"2018-02-22T11:44:12","modified_gmt":"2018-02-22T09:44:12","slug":"rezertifizierung-kita-vital","status":"publish","type":"post","link":"https:\/\/familienzentrum-st-martinus.de\/?p=555","title":{"rendered":"Rezertifizierung Kita Vital"},"content":{"rendered":"<p>Die Kita Birlinghoven wurde am 30.11.2017 erneut mit dem KITA Vital-Zertifikat ausgezeichnet. Die Kinder, Mitarbeiterinnen der Kita und Elternvertreter waren im Bewegungsraum der Kita versammelt, als Yasmin Gross das KITA Vital-Zertifikat \u00fcberreichte. Dies ist ein Qualit\u00e4tszeichen f\u00fcr gesundheitsf\u00f6rdernde Kindertagesst\u00e4tten im Rhein-Sieg-Kreis.<\/p>\n<p>Die t\u00e4gliche Umsetzung der Bausteine &#8222;Bewegung, gesunde Ern\u00e4hrung und Entspannung&#8220; sind Voraussetzungen f\u00fcr den Erhalt des Zertifikats. Dies wird durch die zahlreichen Fotodokumentationen im Haus sichtbar gemacht. Die Kinder erleben t\u00e4glich, dass gesundes Essen lecker ist und das Bewegung und Entspannung Spa\u00df machen und gut tun.<\/p>\n","protected":false},"excerpt":{"rendered":"<p>Die Kita Birlinghoven wurde am 30.11.2017 erneut mit dem KITA Vital-Zertifikat ausgezeichnet. Die Kinder, Mitarbeiterinnen der Kita und Elternvertreter waren im Bewegungsraum der Kita versammelt, als Yasmin Gross das KITA [&hellip;]<\/p>\n","protected":false},"author":2,"featured_media":559,"comment_status":"closed","ping_status":"closed","sticky":false,"template":"","format":"standard","meta":{"footnotes":""},"categories":[10,13],"tags":[],"class_list":["post-555","post","type-post","status-publish","format-standard","has-post-thumbnail","hentry","category-berichte-kita-birlinghoven","category-slider"],"_links":{"self":[{"href":"https:\/\/familienzentrum-st-martinus.de\/index.php?rest_route=\/wp\/v2\/posts\/555","targetHints":{"allow":["GET"]}}],"collection":[{"href":"https:\/\/familienzentrum-st-martinus.de\/index.php?rest_route=\/wp\/v2\/posts"}],"about":[{"href":"https:\/\/familienzentrum-st-martinus.de\/index.php?rest_route=\/wp\/v2\/types\/post"}],"author":[{"embeddable":true,"href":"https:\/\/familienzentrum-st-martinus.de\/index.php?rest_route=\/wp\/v2\/users\/2"}],"replies":[{"embeddable":true,"href":"https:\/\/familienzentrum-st-martinus.de\/index.php?rest_route=%2Fwp%2Fv2%2Fcomments&post=555"}],"version-history":[{"count":6,"href":"https:\/\/familienzentrum-st-martinus.de\/index.php?rest_route=\/wp\/v2\/posts\/555\/revisions"}],"predecessor-version":[{"id":569,"href":"https:\/\/familienzentrum-st-martinus.de\/index.php?rest_route=\/wp\/v2\/posts\/555\/revisions\/569"}],"wp:featuredmedia":[{"embeddable":true,"href":"https:\/\/familienzentrum-st-martinus.de\/index.php?rest_route=\/wp\/v2\/media\/559"}],"wp:attachment":[{"href":"https:\/\/familienzentrum-st-martinus.de\/index.php?rest_route=%2Fwp%2Fv2%2Fmedia&parent=555"}],"wp:term":[{"taxonomy":"category","embeddable":true,"href":"https:\/\/familienzentrum-st-martinus.de\/index.php?rest_route=%2Fwp%2Fv2%2Fcategories&post=555"},{"taxonomy":"post_tag","embeddable":true,"href":"https:\/\/familienzentrum-st-martinus.de\/index.php?rest_route=%2Fwp%2Fv2%2Ftags&post=555"}],"curies":[{"name":"wp","href":"https:\/\/api.w.org\/{rel}","templated":true}]}}