{"id":627,"date":"2018-07-07T20:11:18","date_gmt":"2018-07-07T18:11:18","guid":{"rendered":"http:\/\/familienzentrum-st-martinus.de\/?p=627"},"modified":"2018-09-07T11:32:10","modified_gmt":"2018-09-07T09:32:10","slug":"vater-kind-wandertag","status":"publish","type":"post","link":"https:\/\/familienzentrum-st-martinus.de\/?p=627","title":{"rendered":"Vater-Kind Wandertag"},"content":{"rendered":"<p>Am 5. Mai trafen sich 14 V\u00e4ter mit ihren Kindern auf dem Wanderparkplatz in Haus \u00d6lgarten, um sich von dort aus auf die Suche zu machen, Spuren von Zwergen und Riesen zu finden. Die Gruppe von mehr als 30 gro\u00dfen und kleinen Menschen mussten zuerst einige Zwergenpr\u00fcfungen bestehen: sich ganz leise bewegen, B\u00e4ume und Pflanzen benennen, wie versteinert stehen bleiben, Kunstwerke aus Naturmaterialien erstellen oder ihr Gleichgewicht unter Beweis stellen.<\/p>\n<p>Auch lauschten alle aufmerksam der Geschichte, warum die Eiche denn so tiefe Furchen in der Rinde hat ( der Teufel hatte vor Wut mit seinen Krallen die Furchen in den Stamm gekratzt).<\/p>\n<p>Unterwegs entdeckten die Kinder immer wieder kleine Edelsteine die wohl die Zwerge verloren haben m\u00fcssen.<\/p>\n<p>Ganz nahe eines geheimen Weges fanden wir versteckt im Wald das Zwergendorf. Leider war dieses von den Riesen zerst\u00f6rt worden. Mit S\u00e4gen, Schnitzmesser und Seile, bauten alle das Dorf wieder auf. Es entstanden so gro\u00dfe und kleine Zwergenh\u00e4user, in denen die Kinder auch gerne einmal selbst probewohnten. Damit nun die Zwerge wieder dort einziehen konnten, verlie\u00dfen wir das Zwergendorf und wanderten zur\u00fcck zum Parkplatz.<\/p>\n<p>Beim n\u00e4chsten Wandertag m\u00fcssen wir die Zwerge besuchen gehen.<\/p>\n","protected":false},"excerpt":{"rendered":"<p>Am 5. Mai trafen sich 14 V\u00e4ter mit ihren Kindern auf dem Wanderparkplatz in Haus \u00d6lgarten, um sich von dort aus auf die Suche zu machen, Spuren von Zwergen und [&hellip;]<\/p>\n","protected":false},"author":4,"featured_media":0,"comment_status":"closed","ping_status":"closed","sticky":false,"template":"","format":"standard","meta":{"footnotes":""},"categories":[8],"tags":[],"class_list":["post-627","post","type-post","status-publish","format-standard","hentry","category-bericht-kita-niederpleis"],"_links":{"self":[{"href":"https:\/\/familienzentrum-st-martinus.de\/index.php?rest_route=\/wp\/v2\/posts\/627","targetHints":{"allow":["GET"]}}],"collection":[{"href":"https:\/\/familienzentrum-st-martinus.de\/index.php?rest_route=\/wp\/v2\/posts"}],"about":[{"href":"https:\/\/familienzentrum-st-martinus.de\/index.php?rest_route=\/wp\/v2\/types\/post"}],"author":[{"embeddable":true,"href":"https:\/\/familienzentrum-st-martinus.de\/index.php?rest_route=\/wp\/v2\/users\/4"}],"replies":[{"embeddable":true,"href":"https:\/\/familienzentrum-st-martinus.de\/index.php?rest_route=%2Fwp%2Fv2%2Fcomments&post=627"}],"version-history":[{"count":3,"href":"https:\/\/familienzentrum-st-martinus.de\/index.php?rest_route=\/wp\/v2\/posts\/627\/revisions"}],"predecessor-version":[{"id":681,"href":"https:\/\/familienzentrum-st-martinus.de\/index.php?rest_route=\/wp\/v2\/posts\/627\/revisions\/681"}],"wp:attachment":[{"href":"https:\/\/familienzentrum-st-martinus.de\/index.php?rest_route=%2Fwp%2Fv2%2Fmedia&parent=627"}],"wp:term":[{"taxonomy":"category","embeddable":true,"href":"https:\/\/familienzentrum-st-martinus.de\/index.php?rest_route=%2Fwp%2Fv2%2Fcategories&post=627"},{"taxonomy":"post_tag","embeddable":true,"href":"https:\/\/familienzentrum-st-martinus.de\/index.php?rest_route=%2Fwp%2Fv2%2Ftags&post=627"}],"curies":[{"name":"wp","href":"https:\/\/api.w.org\/{rel}","templated":true}]}}