{"id":794,"date":"2019-03-07T15:46:27","date_gmt":"2019-03-07T14:46:27","guid":{"rendered":"http:\/\/familienzentrum-st-martinus.de\/?p=794"},"modified":"2019-05-24T12:15:44","modified_gmt":"2019-05-24T10:15:44","slug":"luki-ludwig-goes-kita","status":"publish","type":"post","link":"https:\/\/familienzentrum-st-martinus.de\/?p=794","title":{"rendered":"LuKi = \u201eLudwig goes KiTa\u201c"},"content":{"rendered":"\n<p><strong>LuKi = \u201eLudwig goes KiTa\u201c<\/strong><\/p>\n\n\n\n<p>Im\nRahmen von BTHVN2020 findet ein gef\u00f6rdertes Projekt f\u00fcr Kitas statt.<\/p>\n\n\n\n<p>Unsere\nEinrichtung ist f\u00fcr die Projektteilnahme ausgew\u00e4hlt worden.<\/p>\n\n\n\n<p>Ab Januar besucht uns\nw\u00f6chentlich eine Musikschulfachkraft in der KiTa, um zusammen mit uns das\nProjekt \u201eLudwig goes KiTa\u201c (LuKi) durchzuf\u00fchren.<\/p>\n\n\n\n<p>Hierbei wird gesungen und getanzt,\nes werden Instrumente vorgestellt und ausprobiert sowie etwas \u00fcber die Person\nLudwig van Beethoven, sein Leben und seine Musik vermittelt. <\/p>\n\n\n\n<p>Hier gelangen sie zur Luki Homepage. <a href=\"https:\/\/www.bornheimer-musikschule.de\/luki.html\">https:\/\/www.bornheimer-musikschule.de\/luki.html<\/a><\/p>\n\n\n\n<p>Pressemitteilung der Stadt Sankt Augustin \u00fcber die Instrumenten\u00fcbergabe <a href=\"https:\/\/www.sankt-augustin.de\/cms123\/buergerservice_verwaltung_politik\/presse_infos\/artikel\/64441\/\">https:\/\/www.sankt-augustin.de\/cms123\/buergerservice_verwaltung_politik\/presse_infos\/artikel\/64441\/<\/a><\/p>\n\n\n\n<p><\/p>\n","protected":false},"excerpt":{"rendered":"<p>LuKi = \u201eLudwig goes KiTa\u201c Im Rahmen von BTHVN2020 findet ein gef\u00f6rdertes Projekt f\u00fcr Kitas statt. Unsere Einrichtung ist f\u00fcr die Projektteilnahme ausgew\u00e4hlt worden. Ab Januar besucht uns w\u00f6chentlich eine [&hellip;]<\/p>\n","protected":false},"author":2,"featured_media":796,"comment_status":"closed","ping_status":"closed","sticky":false,"template":"","format":"standard","meta":{"footnotes":""},"categories":[9,13],"tags":[],"class_list":["post-794","post","type-post","status-publish","format-standard","has-post-thumbnail","hentry","category-berichte-kita-buisdorf","category-slider"],"_links":{"self":[{"href":"https:\/\/familienzentrum-st-martinus.de\/index.php?rest_route=\/wp\/v2\/posts\/794","targetHints":{"allow":["GET"]}}],"collection":[{"href":"https:\/\/familienzentrum-st-martinus.de\/index.php?rest_route=\/wp\/v2\/posts"}],"about":[{"href":"https:\/\/familienzentrum-st-martinus.de\/index.php?rest_route=\/wp\/v2\/types\/post"}],"author":[{"embeddable":true,"href":"https:\/\/familienzentrum-st-martinus.de\/index.php?rest_route=\/wp\/v2\/users\/2"}],"replies":[{"embeddable":true,"href":"https:\/\/familienzentrum-st-martinus.de\/index.php?rest_route=%2Fwp%2Fv2%2Fcomments&post=794"}],"version-history":[{"count":2,"href":"https:\/\/familienzentrum-st-martinus.de\/index.php?rest_route=\/wp\/v2\/posts\/794\/revisions"}],"predecessor-version":[{"id":834,"href":"https:\/\/familienzentrum-st-martinus.de\/index.php?rest_route=\/wp\/v2\/posts\/794\/revisions\/834"}],"wp:featuredmedia":[{"embeddable":true,"href":"https:\/\/familienzentrum-st-martinus.de\/index.php?rest_route=\/wp\/v2\/media\/796"}],"wp:attachment":[{"href":"https:\/\/familienzentrum-st-martinus.de\/index.php?rest_route=%2Fwp%2Fv2%2Fmedia&parent=794"}],"wp:term":[{"taxonomy":"category","embeddable":true,"href":"https:\/\/familienzentrum-st-martinus.de\/index.php?rest_route=%2Fwp%2Fv2%2Fcategories&post=794"},{"taxonomy":"post_tag","embeddable":true,"href":"https:\/\/familienzentrum-st-martinus.de\/index.php?rest_route=%2Fwp%2Fv2%2Ftags&post=794"}],"curies":[{"name":"wp","href":"https:\/\/api.w.org\/{rel}","templated":true}]}}