{"id":93,"date":"2016-12-08T20:15:43","date_gmt":"2016-12-08T18:15:43","guid":{"rendered":"http:\/\/familienzentrum-st-martinus.de\/?p=93"},"modified":"2017-01-10T18:43:19","modified_gmt":"2017-01-10T16:43:19","slug":"berichte-kita-buisdorf","status":"publish","type":"post","link":"https:\/\/familienzentrum-st-martinus.de\/?p=93","title":{"rendered":"Ern\u00e4hrungsprojekt"},"content":{"rendered":"<h3>Projektstart<\/h3>\n<p>Im November ist das Ern\u00e4hrungsprojekt \u201edie Kleinen stark machen\u201c bei uns in der Kita angelaufen.<br \/>\nEinmal im Monat trifft sich eine feste Kindergruppe mit der Diplom der \u00d6kotrophologin Ursula Hecht- Wagner um allerhand spannendes \u00fcber die Ern\u00e4hrung zu erfahren.<br \/>\nDie Kinder lernen spielerisch den verantwortungsbewussten Umgang mit verschiedenen Lebensmitteln und K\u00fcchenger\u00e4ten, die Ern\u00e4hrungspyramide und was zu einem gesunden Fr\u00fchst\u00fcck dazugeh\u00f6rt.<\/p>\n","protected":false},"excerpt":{"rendered":"<p>Projektstart Im November ist das Ern\u00e4hrungsprojekt \u201edie Kleinen stark machen\u201c bei uns in der Kita angelaufen. Einmal im Monat trifft sich eine feste Kindergruppe mit der Diplom der \u00d6kotrophologin Ursula [&hellip;]<\/p>\n","protected":false},"author":4,"featured_media":218,"comment_status":"closed","ping_status":"closed","sticky":false,"template":"","format":"standard","meta":{"footnotes":""},"categories":[9,13],"tags":[],"class_list":["post-93","post","type-post","status-publish","format-standard","has-post-thumbnail","hentry","category-berichte-kita-buisdorf","category-slider"],"_links":{"self":[{"href":"https:\/\/familienzentrum-st-martinus.de\/index.php?rest_route=\/wp\/v2\/posts\/93","targetHints":{"allow":["GET"]}}],"collection":[{"href":"https:\/\/familienzentrum-st-martinus.de\/index.php?rest_route=\/wp\/v2\/posts"}],"about":[{"href":"https:\/\/familienzentrum-st-martinus.de\/index.php?rest_route=\/wp\/v2\/types\/post"}],"author":[{"embeddable":true,"href":"https:\/\/familienzentrum-st-martinus.de\/index.php?rest_route=\/wp\/v2\/users\/4"}],"replies":[{"embeddable":true,"href":"https:\/\/familienzentrum-st-martinus.de\/index.php?rest_route=%2Fwp%2Fv2%2Fcomments&post=93"}],"version-history":[{"count":6,"href":"https:\/\/familienzentrum-st-martinus.de\/index.php?rest_route=\/wp\/v2\/posts\/93\/revisions"}],"predecessor-version":[{"id":237,"href":"https:\/\/familienzentrum-st-martinus.de\/index.php?rest_route=\/wp\/v2\/posts\/93\/revisions\/237"}],"wp:featuredmedia":[{"embeddable":true,"href":"https:\/\/familienzentrum-st-martinus.de\/index.php?rest_route=\/wp\/v2\/media\/218"}],"wp:attachment":[{"href":"https:\/\/familienzentrum-st-martinus.de\/index.php?rest_route=%2Fwp%2Fv2%2Fmedia&parent=93"}],"wp:term":[{"taxonomy":"category","embeddable":true,"href":"https:\/\/familienzentrum-st-martinus.de\/index.php?rest_route=%2Fwp%2Fv2%2Fcategories&post=93"},{"taxonomy":"post_tag","embeddable":true,"href":"https:\/\/familienzentrum-st-martinus.de\/index.php?rest_route=%2Fwp%2Fv2%2Ftags&post=93"}],"curies":[{"name":"wp","href":"https:\/\/api.w.org\/{rel}","templated":true}]}}